{"id":1690,"date":"2025-02-21T09:42:45","date_gmt":"2025-02-21T09:42:45","guid":{"rendered":"https:\/\/scoring.pt\/magazine\/?p=1690"},"modified":"2025-02-21T09:42:45","modified_gmt":"2025-02-21T09:42:45","slug":"como-e-que-a-contabilidade-e-fulcral-no-planeamento-de-um-novo-ano","status":"publish","type":"post","link":"https:\/\/scoring.pt\/magazine\/como-e-que-a-contabilidade-e-fulcral-no-planeamento-de-um-novo-ano\/","title":{"rendered":"Como \u00e9 que a contabilidade \u00e9 fulcral no planeamento de um novo ano"},"content":{"rendered":"<p>&nbsp;<\/p>\n<p>Falar de contabilidade e do planeamento de 2025 parece, muitas vezes, contradit\u00f3rio uma vez que o seu contabilista ainda lhe est\u00e1 a pedir coisas de 2024, certo?<\/p>\n<p>Mas, \u00e9 a\u00ed mesmo que come\u00e7a o planeamento de 2025: <strong>feche as contas de 2024 o mais r\u00e1pido poss\u00edvel<\/strong>, caso ainda n\u00e3o tenha recebido as demonstra\u00e7\u00f5es financeiras por parte do seu contabilista certificado para apresentar na reuni\u00e3o de aprova\u00e7\u00e3o anual de contas em assembleia geral. Deve enviar documentos que estejam em falta e responder a d\u00favidas sobre algum movimento financeiro pendente em concilia\u00e7\u00f5es banc\u00e1rias.<\/p>\n<p>Antes de aprovar as contas finais deve analisar linha por linha o balancete da empresa. Seguem algumas perguntas fulcrais que deve ter em conta:<\/p>\n<ul>\n<li>O saldo das contas de caixa e banco est\u00e3o corretos?<\/li>\n<li>Verificou a concilia\u00e7\u00e3o banc\u00e1ria que o seu contabilista possa ter enviado? Existem pendentes?<\/li>\n<li>Os saldos na conta de clientes batem certo com o seu programa de fatura\u00e7\u00e3o? O que est\u00e1 por receber est\u00e1 correto a 31\/12\/2024?<\/li>\n<li>Os saldos na conta de fornecedores batem certo com aquilo que realmente estava por pagar a 31\/12\/2024?<\/li>\n<li>Existem pagamentos em falta a trabalhadores?<\/li>\n<li>Comunicou todas as aprova\u00e7\u00f5es de est\u00e1gio de IEFP ou outros incentivos de estado que s\u00e3o pass\u00edveis de serem aprovados ou at\u00e9 j\u00e1 foram aprovados e os seus respetivos valores ao seu contabilista?<\/li>\n<li>O valor do invent\u00e1rio reflete o stock a 31\/12\/2024? Confirme se o valor do invent\u00e1rio foi atualizado ap\u00f3s o \u00faltimo invent\u00e1rio f\u00edsico.<\/li>\n<li>Os saldos de empr\u00e9stimos est\u00e3o atualizados? Confirme se os valores correspondem aos extratos das institui\u00e7\u00f5es financeiras bem como o mapa de responsabilidades do Banco de Portugal.<\/li>\n<li>Relativamente \u00e0s faturas de venda, existe alguma que o servi\u00e7o diga respeito a algo que s\u00f3 ir\u00e1 iniciar em 2025? Comunique tamb\u00e9m essas informa\u00e7\u00f5es ao contabilista.<\/li>\n<\/ul>\n<p>Estes s\u00e3o s\u00f3 alguns pontos em dezenas deles que deve estar atento quando analisa um balancete. <strong>\u00c9 por isso que a contabilidade \u00e9 fulcral no planeamento de 2025<\/strong>, porque vai al\u00e9m de simplesmente cumprir obriga\u00e7\u00f5es fiscais; <strong>ela atua como uma b\u00fassola estrat\u00e9gica para decis\u00f5es financeiras, operacionais e de crescimento<\/strong>.<\/p>\n<h4><strong>Como pode (e deve) usar a contabilidade no planeamento do pr\u00f3ximo ano<\/strong><\/h4>\n<p><strong>Passar a fazer a an\u00e1lise anterior de forma mensal ou, <\/strong>caso seja inconceb\u00edvel<strong>, no m\u00ednimo de forma trimestral<\/strong>. Pe\u00e7a os balancetes ao seu contabilista certificado ou pe\u00e7a acesso ao programa de contabilidade\/gest\u00e3o, caso o mesmo tenha acesso para empres\u00e1rio.<\/p>\n<p>Porqu\u00ea que esta transi\u00e7\u00e3o para uma an\u00e1lise mensal parece dif\u00edcil, se antes n\u00e3o o fazia desta forma? Porque, para a an\u00e1lise ser mensal, \u00e9 necess\u00e1rio que os documentos sejam enviados semanalmente para que o contabilista tenha os relat\u00f3rios atualizados. S\u00f3 assim as suas decis\u00f5es financeiras ser\u00e3o baseadas em dados reais. Ao enviar semanalmente, \u00e9 poss\u00edvel que tudo seja contabilizado, de forma muito mais r\u00e1pida e eficaz, e que possa analisar os seus or\u00e7amentos de 2025 com os dados reais, para verificar e corrigir qualquer discrep\u00e2ncia negativa.<\/p>\n<p>Devemos aproveitar ao m\u00e1ximo a tecnologia, seja atrav\u00e9s de um programa pr\u00f3prio ou utilizando as ferramentas disponibilizadas pelo seu contabilista. Se n\u00e3o for poss\u00edvel, seja por falta de recursos financeiros ou de tempo, use e abuse das demonstra\u00e7\u00f5es financeiras e balancete, em formato Excel, para que consiga analisar a sua empresa.<\/p>\n<p>Mas a pergunta que ecoa nas nossas mentes continua a mesma: <strong>como analisar discrep\u00e2ncia se ainda n\u00e3o fez o or\u00e7amento de 2025?<\/strong> <strong>Mais uma vez, \u00e9 a\u00ed que entra a contabilidade.<\/strong><\/p>\n<p><strong>Ao analisar as demonstra\u00e7\u00f5es financeiras, o balancete, os mapas de explora\u00e7\u00e3o, os fluxos e todos os mapas que possam ser extra\u00eddos do seu programa de gest\u00e3o ou de contabilidade consegue come\u00e7ar a construir o seu or\u00e7amento<\/strong>. Existem milhares de <em>templates<\/em> na internet, gratuitos e pagos, tanto em Excel como em Google Sheets, que pode adquirir fazendo o <em>download,<\/em> n\u00e3o havendo a necessidade de perder tempo a tentar criar um de raiz.<\/p>\n<p>De seguida, analise quanto faturou nos \u00faltimos anos (e mensalmente) e quanto cresceu em termos percentuais. <em>\u00c9 expect\u00e1vel que em 2025 tenha o mesmo crescimento ou ser\u00e1 superior? Ir\u00e1 ter alguma situa\u00e7\u00e3o de venda diferente em algum momento que possa impactar o mesmo?<\/em> Fazendo este tipo de perguntas come\u00e7a a planear o seu ano de 2025 e a construir, ao mesmo tempo, <strong>o seu or\u00e7amento para cada categoria de ganhos, despesa e ainda de impostos<\/strong>. E, assim j\u00e1 ficamos a saber algumas mudan\u00e7as que ir\u00e3o impactar o seu or\u00e7amento.<\/p>\n<h4><strong>Impostos que ir\u00e1 pagar em 2025<\/strong><\/h4>\n<p>Com o fecho de contas de 2024 feito, \u00e0 partida ir\u00e1 conseguir saber o IRC que ir\u00e1 pagar (ou n\u00e3o, conforme preju\u00edzos abatidos de anos anteriores ou pagamentos por conta realizados em 2024).<\/p>\n<p>Uma das <strong>melhores medidas para diminuir o IRC<\/strong>, sem fazer uma viagem no tempo (uma vez que n\u00e3o \u00e9 poss\u00edvel), s\u00e3o as <strong>gratifica\u00e7\u00f5es de balan\u00e7o<\/strong>, que ir\u00e3o ser aplicadas ao ano de 2024 e diminuir o IRC. Estas gratifica\u00e7\u00f5es s\u00f3 t\u00eam de ser pagas aos seus colaboradores ao longo de 2025 (se ainda n\u00e3o conhecia este tipo de remunera\u00e7\u00e3o, aproveite e fale com o seu contabilista). Mais abaixo, ir\u00e1 ver as vantagens a n\u00edvel de IRS e seguran\u00e7a social para o seu colaborador e TSU para si.<\/p>\n<p>\u00c9 poss\u00edvel, tamb\u00e9m, <strong>prever o valor dos pagamentos por conta de 2025 com o fecho de contas<\/strong>. J\u00e1 pode introduzir esse valor no seu mapa de or\u00e7amento de impostos e fluxo de caixa e, desta forma, planear uma das partes do seu 2025.<\/p>\n<p><strong>Os pagamentos por conta s\u00e3o feitos em 3 momentos ao longo do ano<\/strong>:<\/p>\n<p><img loading=\"lazy\" decoding=\"async\" class=\"wp-image-1692 aligncenter\" src=\"https:\/\/scoring.pt\/magazine\/wp-content\/uploads\/2025\/02\/pagamentos-300x78.png\" alt=\"\" width=\"619\" height=\"161\" srcset=\"https:\/\/scoring.pt\/magazine\/wp-content\/uploads\/2025\/02\/pagamentos-300x78.png 300w, https:\/\/scoring.pt\/magazine\/wp-content\/uploads\/2025\/02\/pagamentos-1024x265.png 1024w, https:\/\/scoring.pt\/magazine\/wp-content\/uploads\/2025\/02\/pagamentos-768x199.png 768w, https:\/\/scoring.pt\/magazine\/wp-content\/uploads\/2025\/02\/pagamentos-600x155.png 600w, https:\/\/scoring.pt\/magazine\/wp-content\/uploads\/2025\/02\/pagamentos.png 1301w\" sizes=\"auto, (max-width: 619px) 100vw, 619px\" \/><\/p>\n<p>No in\u00edcio de dezembro, pe\u00e7a ao contabilista para determinar se deve efetuar o 3\u00b0 pagamento por conta uma vez que o mesmo pode n\u00e3o ser feito. Para isso:<\/p>\n<ul>\n<li>Deve ser estimado o IRC para 2025;<\/li>\n<li>Compare o IRC efetivo estimado com os valores j\u00e1 pagos nos dois primeiros pagamentos por conta;<\/li>\n<li>Se os pagamentos anteriores j\u00e1 cobrem o valor devido, o terceiro pagamento pode ser dispensado.<\/li>\n<\/ul>\n<p>Por volta do m\u00eas de outubro, deve estar atento \u00e0s not\u00edcias sobre o or\u00e7amento de estado para o ano seguinte, e depois validar aquilo que foi aprovado em dezembro. Neste artigo, deixamos algumas me<strong>didas aprovadas que ir\u00e3o impactar, de forma positiva, o seu ano de 2025<\/strong>.<\/p>\n<h5><strong>No sal\u00e1rio dos seus funcion\u00e1rios:<\/strong><\/h5>\n<ol>\n<li>O IRS jovem \u2013 medida que diminui a massa salarial que \u00e9 sujeita a IRS \u2013 foi alargado a mais pessoas. Deve, proativamente, questionar junto dos seus trabalhadores com menos de 35 anos, se poder\u00e3o ter ou n\u00e3o direito ao IRS jovem. Pe\u00e7a para enviarem email com o ano de benef\u00edcio deles em 2025 (j\u00e1 que o benef\u00edcio \u00e9 durante 10 anos e ser\u00e1 uma informa\u00e7\u00e3o a colocar no programa de processamento salarial). No caso, os mesmos ir\u00e3o auferir um valor l\u00edquido mensal superior. Para a empresa n\u00e3o existe impacto.<\/li>\n<li>Quanto ao subs\u00eddio de alimenta\u00e7\u00e3o, o valor que n\u00e3o \u00e9 sujeito a IRS nem seguran\u00e7a social, foi aumentado de 9,60 para 10,20. Caso queira, aumentar o valor do mesmo pode que n\u00e3o ter\u00e1 mais encargos na TSU.<\/li>\n<li>Os valores de remunera\u00e7\u00e3o relativos ao trabalho suplementar passam a estar sujeitos a uma reten\u00e7\u00e3o na fonte equivalente a 50% da taxa que corresponde \u00e0 reten\u00e7\u00e3o do sal\u00e1rio mensal do trabalhador, proporcionando um al\u00edvio fiscal para quem realiza horas extras.<\/li>\n<li>Isen\u00e7\u00e3o de IRS,\u00a0at\u00e9 ao limite de 6% da retribui\u00e7\u00e3o base anual do trabalhador, das import\u00e2ncias pagas ou colocadas \u00e0 disposi\u00e7\u00e3o do trabalhador ou membros de \u00f3rg\u00e3os estatut\u00e1rios em 2025, de forma volunt\u00e1ria e sem car\u00e1ter regular, a t\u00edtulo de pr\u00e9mios de produtividade, desempenho, participa\u00e7\u00f5es nos lucros e gratifica\u00e7\u00f5es de balan\u00e7o.\u00a0Esta isen\u00e7\u00e3o depende se existiu um aumento salarial eleg\u00edvel para efeitos do incentivo fiscal \u00e0 valoriza\u00e7\u00e3o salarial (4,7%). Este valor, que est\u00e1 isento de IRS, tamb\u00e9m \u00e9 exclu\u00eddo da base de incid\u00eancia contributiva dos Regimes Contributivos do Sistema Previdencial de Seguran\u00e7a Social.<\/li>\n<\/ol>\n<h5><strong>A n\u00edvel de IRC:<\/strong><\/h5>\n<ol>\n<li>Os gastos suportados com contratos de seguros de sa\u00fade ou doen\u00e7a s\u00e3o considerados para efeitos do lucro fiscal (aquele que conta no c\u00e1lculo do IRC no modelo 22) em valor correspondente a 120%. Ou seja, se ao longo do ano tiver um custo de 3000\u20ac com este encargo, para o IRC ir\u00e3o contar 3600\u20ac (s\u00e3o 600\u20ac a mais de custo sem que tenha sa\u00eddo da sua carteira).<\/li>\n<li>A taxa de IRC, passa de 21% para 20%. Para microempresas, PME e empresas <em>small mid cap,<\/em> at\u00e9 aos primeiros 50.000\u20ac, a taxa passa de 17% para 16%.<\/li>\n<li>A taxa de tributa\u00e7\u00e3o aut\u00f3noma nas viaturas ligeiras de passageiros foi reduzida e os limites de valor de aquisi\u00e7\u00e3o foram aumentados. <img loading=\"lazy\" decoding=\"async\" class=\"wp-image-1693 alignright\" src=\"https:\/\/scoring.pt\/magazine\/wp-content\/uploads\/2025\/02\/grafico-300x128.png\" alt=\"\" width=\"391\" height=\"167\" srcset=\"https:\/\/scoring.pt\/magazine\/wp-content\/uploads\/2025\/02\/grafico-300x128.png 300w, https:\/\/scoring.pt\/magazine\/wp-content\/uploads\/2025\/02\/grafico-1024x437.png 1024w, https:\/\/scoring.pt\/magazine\/wp-content\/uploads\/2025\/02\/grafico-768x327.png 768w, https:\/\/scoring.pt\/magazine\/wp-content\/uploads\/2025\/02\/grafico-600x256.png 600w, https:\/\/scoring.pt\/magazine\/wp-content\/uploads\/2025\/02\/grafico.png 1473w\" sizes=\"auto, (max-width: 391px) 100vw, 391px\" \/><\/li>\n<li>O Incentivo \u00e0 Capitaliza\u00e7\u00e3o das Empresas (ICE) passa a ser apurado por aplica\u00e7\u00e3o da taxa Euribor m\u00e9dia a 12 meses, com um <em>spread<\/em> de 2 p.p., acima dos 1,5 p.p. atuais, independentemente da dimens\u00e3o da empresa. Al\u00e9m disso, a taxa do incentivo ser\u00e1\u00a0<strong>majorada em 50%<\/strong>para 2025.<\/li>\n<li>Incentivo \u00e0 valoriza\u00e7\u00e3o salarial: os encargos com aumentos salariais passam a ser majorados em 200% (em vez dos 150% de 2024), at\u00e9 um montante m\u00e1ximo anual, por trabalhador, de cinco vezes a RMMG (860\u20ac). Al\u00e9m disso, o valor m\u00ednimo do aumento da retribui\u00e7\u00e3o base anual m\u00e9dia por trabalhador, por refer\u00eancia ao final do ano anterior passa a ser de 4,7%, em vez dos 5% de 2024.<\/li>\n<\/ol>\n<h4><strong>Dicas finais para a sua PME<\/strong><\/h4>\n<ol>\n<li><strong>Revis\u00e3o Regular:<\/strong> passe a ler o balancete de forma mais peri\u00f3dica.<\/li>\n<li><strong>Trabalhe com o seu contabilista:<\/strong> questione qualquer valor que pare\u00e7a inconsistente ou d\u00favidas que tenha. Se quer um apoio mais constante, analise o seu contrato e at\u00e9 pe\u00e7a um ajuste de valor da sua aven\u00e7a para ter mais apoio.<\/li>\n<li><strong>Apoie-se no <em>Software<\/em>:<\/strong> utilize ferramentas que integrem registos financeiros e anal\u00edticos, se for algo pass\u00edvel de integrar com a contabilidade ainda melhor.<\/li>\n<li><strong>Documenta\u00e7\u00e3o:<\/strong> garanta que todas as opera\u00e7\u00f5es tenham suporte documental (faturas, recibos, contratos), partilhe esses dados com o seu contabilista atrav\u00e9s de uma drive partilhada, por exemplo, e digitalize todos os documentos, de forma a garantir que nunca os perde. <strong>A contabilidade e documenta\u00e7\u00e3o digital j\u00e1 n\u00e3o \u00e9 o futuro, mas sim o presente.<\/strong><\/li>\n<\/ol>\n<p>&nbsp;<\/p>\n","protected":false},"excerpt":{"rendered":"<p>Falar de contabilidade e do planeamento de 2025 parece, muitas vezes, contradit\u00f3rio uma vez que o seu contabilista ainda lhe est\u00e1 a pedir coisas de 2024, certo?<\/p>\n","protected":false},"author":126,"featured_media":1691,"comment_status":"closed","ping_status":"closed","sticky":false,"template":"","format":"standard","meta":{"_bbp_topic_count":0,"_bbp_reply_count":0,"_bbp_total_topic_count":0,"_bbp_total_reply_count":0,"_bbp_voice_count":0,"_bbp_anonymous_reply_count":0,"_bbp_topic_count_hidden":0,"_bbp_reply_count_hidden":0,"_bbp_forum_subforum_count":0,"footnotes":""},"categories":[31],"tags":[],"class_list":["post-1690","post","type-post","status-publish","format-standard","has-post-thumbnail","hentry","category-gestao"],"yoast_head":"<!-- This site is optimized with the Yoast SEO plugin v20.13 - https:\/\/yoast.com\/wordpress\/plugins\/seo\/ -->\n<title>Como \u00e9 que a contabilidade \u00e9 fulcral no planeamento de um novo ano - SCORING Magazine<\/title>\n<meta name=\"description\" content=\"A defini\u00e7\u00e3o de objetivos \u00e9 crucial para a estrat\u00e9gia das empresas. Para definir objetivos deve utilizar os objetivos SMART.\" \/>\n<meta name=\"robots\" content=\"index, follow, max-snippet:-1, max-image-preview:large, max-video-preview:-1\" \/>\n<link rel=\"canonical\" href=\"https:\/\/scoring.pt\/magazine\/como-e-que-a-contabilidade-e-fulcral-no-planeamento-de-um-novo-ano\/\" \/>\n<meta property=\"og:locale\" content=\"pt_PT\" \/>\n<meta property=\"og:type\" content=\"article\" \/>\n<meta property=\"og:title\" content=\"Como \u00e9 que a contabilidade \u00e9 fulcral no planeamento de um novo ano - SCORING Magazine\" \/>\n<meta property=\"og:description\" content=\"A defini\u00e7\u00e3o de objetivos \u00e9 crucial para a estrat\u00e9gia das empresas. Para definir objetivos deve utilizar os objetivos SMART.\" \/>\n<meta property=\"og:url\" content=\"https:\/\/scoring.pt\/magazine\/como-e-que-a-contabilidade-e-fulcral-no-planeamento-de-um-novo-ano\/\" \/>\n<meta property=\"og:site_name\" content=\"SCORING Magazine\" \/>\n<meta property=\"article:published_time\" content=\"2025-02-21T09:42:45+00:00\" \/>\n<meta property=\"og:image\" content=\"https:\/\/scoring.pt\/magazine\/wp-content\/uploads\/2025\/02\/capas-artigos-98-1024x512.png\" \/>\n\t<meta property=\"og:image:width\" content=\"1024\" \/>\n\t<meta property=\"og:image:height\" content=\"512\" \/>\n\t<meta property=\"og:image:type\" content=\"image\/png\" \/>\n<meta name=\"author\" content=\"Bruna Fernandes\" \/>\n<meta name=\"twitter:card\" content=\"summary_large_image\" \/>\n<meta name=\"twitter:label1\" content=\"Escrito por\" \/>\n\t<meta name=\"twitter:data1\" content=\"Bruna Fernandes\" \/>\n\t<meta name=\"twitter:label2\" content=\"Tempo estimado de leitura\" \/>\n\t<meta name=\"twitter:data2\" content=\"10 minutos\" \/>\n<script type=\"application\/ld+json\" class=\"yoast-schema-graph\">{\"@context\":\"https:\/\/schema.org\",\"@graph\":[{\"@type\":\"Article\",\"@id\":\"https:\/\/scoring.pt\/magazine\/como-e-que-a-contabilidade-e-fulcral-no-planeamento-de-um-novo-ano\/#article\",\"isPartOf\":{\"@id\":\"https:\/\/scoring.pt\/magazine\/como-e-que-a-contabilidade-e-fulcral-no-planeamento-de-um-novo-ano\/\"},\"author\":{\"name\":\"Bruna Fernandes\",\"@id\":\"https:\/\/scoring.pt\/magazine\/#\/schema\/person\/c83b5929fa1427eca40f1ddcb2df8430\"},\"headline\":\"Como \u00e9 que a contabilidade \u00e9 fulcral no planeamento de um novo ano\",\"datePublished\":\"2025-02-21T09:42:45+00:00\",\"dateModified\":\"2025-02-21T09:42:45+00:00\",\"mainEntityOfPage\":{\"@id\":\"https:\/\/scoring.pt\/magazine\/como-e-que-a-contabilidade-e-fulcral-no-planeamento-de-um-novo-ano\/\"},\"wordCount\":1763,\"publisher\":{\"@id\":\"https:\/\/scoring.pt\/magazine\/#organization\"},\"articleSection\":[\"Gest\u00e3o\"],\"inLanguage\":\"pt-PT\"},{\"@type\":\"WebPage\",\"@id\":\"https:\/\/scoring.pt\/magazine\/como-e-que-a-contabilidade-e-fulcral-no-planeamento-de-um-novo-ano\/\",\"url\":\"https:\/\/scoring.pt\/magazine\/como-e-que-a-contabilidade-e-fulcral-no-planeamento-de-um-novo-ano\/\",\"name\":\"Como \u00e9 que a contabilidade \u00e9 fulcral no planeamento de um novo ano - SCORING Magazine\",\"isPartOf\":{\"@id\":\"https:\/\/scoring.pt\/magazine\/#website\"},\"datePublished\":\"2025-02-21T09:42:45+00:00\",\"dateModified\":\"2025-02-21T09:42:45+00:00\",\"description\":\"A defini\u00e7\u00e3o de objetivos \u00e9 crucial para a estrat\u00e9gia das empresas. Para definir objetivos deve utilizar os objetivos SMART.\",\"breadcrumb\":{\"@id\":\"https:\/\/scoring.pt\/magazine\/como-e-que-a-contabilidade-e-fulcral-no-planeamento-de-um-novo-ano\/#breadcrumb\"},\"inLanguage\":\"pt-PT\",\"potentialAction\":[{\"@type\":\"ReadAction\",\"target\":[\"https:\/\/scoring.pt\/magazine\/como-e-que-a-contabilidade-e-fulcral-no-planeamento-de-um-novo-ano\/\"]}]},{\"@type\":\"BreadcrumbList\",\"@id\":\"https:\/\/scoring.pt\/magazine\/como-e-que-a-contabilidade-e-fulcral-no-planeamento-de-um-novo-ano\/#breadcrumb\",\"itemListElement\":[{\"@type\":\"ListItem\",\"position\":1,\"name\":\"In\u00edcio\",\"item\":\"https:\/\/scoring.pt\/magazine\/\"},{\"@type\":\"ListItem\",\"position\":2,\"name\":\"Como \u00e9 que a contabilidade \u00e9 fulcral no planeamento de um novo ano\"}]},{\"@type\":\"WebSite\",\"@id\":\"https:\/\/scoring.pt\/magazine\/#website\",\"url\":\"https:\/\/scoring.pt\/magazine\/\",\"name\":\"Scoring Magazine\",\"description\":\"A revista efetivamente sobre gest\u00e3o\",\"publisher\":{\"@id\":\"https:\/\/scoring.pt\/magazine\/#organization\"},\"potentialAction\":[{\"@type\":\"SearchAction\",\"target\":{\"@type\":\"EntryPoint\",\"urlTemplate\":\"https:\/\/scoring.pt\/magazine\/?s={search_term_string}\"},\"query-input\":\"required name=search_term_string\"}],\"inLanguage\":\"pt-PT\"},{\"@type\":\"Organization\",\"@id\":\"https:\/\/scoring.pt\/magazine\/#organization\",\"name\":\"Scoring Magazine\",\"url\":\"https:\/\/scoring.pt\/magazine\/\",\"logo\":{\"@type\":\"ImageObject\",\"inLanguage\":\"pt-PT\",\"@id\":\"https:\/\/scoring.pt\/magazine\/#\/schema\/logo\/image\/\",\"url\":\"http:\/\/scoring.pt\/magazine\/wp-content\/uploads\/2022\/11\/logo-site-heacer-RETINA.png\",\"contentUrl\":\"http:\/\/scoring.pt\/magazine\/wp-content\/uploads\/2022\/11\/logo-site-heacer-RETINA.png\",\"width\":361,\"height\":93,\"caption\":\"Scoring Magazine\"},\"image\":{\"@id\":\"https:\/\/scoring.pt\/magazine\/#\/schema\/logo\/image\/\"}},{\"@type\":\"Person\",\"@id\":\"https:\/\/scoring.pt\/magazine\/#\/schema\/person\/c83b5929fa1427eca40f1ddcb2df8430\",\"name\":\"Bruna Fernandes\",\"image\":{\"@type\":\"ImageObject\",\"inLanguage\":\"pt-PT\",\"@id\":\"https:\/\/scoring.pt\/magazine\/#\/schema\/person\/image\/\",\"url\":\"https:\/\/secure.gravatar.com\/avatar\/36cf148263aadde7757549873a1960269319b5c9b67d1bc60f82d9adea9d299e?s=96&d=mm&r=g\",\"contentUrl\":\"https:\/\/secure.gravatar.com\/avatar\/36cf148263aadde7757549873a1960269319b5c9b67d1bc60f82d9adea9d299e?s=96&d=mm&r=g\",\"caption\":\"Bruna Fernandes\"},\"description\":\"CEO acontabilista.pt\",\"url\":\"https:\/\/scoring.pt\/magazine\/author\/bruna-fernandes\/\"}]}<\/script>\n<!-- \/ Yoast SEO plugin. -->","yoast_head_json":{"title":"Como \u00e9 que a contabilidade \u00e9 fulcral no planeamento de um novo ano - SCORING Magazine","description":"A defini\u00e7\u00e3o de objetivos \u00e9 crucial para a estrat\u00e9gia das empresas. Para definir objetivos deve utilizar os objetivos SMART.","robots":{"index":"index","follow":"follow","max-snippet":"max-snippet:-1","max-image-preview":"max-image-preview:large","max-video-preview":"max-video-preview:-1"},"canonical":"https:\/\/scoring.pt\/magazine\/como-e-que-a-contabilidade-e-fulcral-no-planeamento-de-um-novo-ano\/","og_locale":"pt_PT","og_type":"article","og_title":"Como \u00e9 que a contabilidade \u00e9 fulcral no planeamento de um novo ano - SCORING Magazine","og_description":"A defini\u00e7\u00e3o de objetivos \u00e9 crucial para a estrat\u00e9gia das empresas. Para definir objetivos deve utilizar os objetivos SMART.","og_url":"https:\/\/scoring.pt\/magazine\/como-e-que-a-contabilidade-e-fulcral-no-planeamento-de-um-novo-ano\/","og_site_name":"SCORING Magazine","article_published_time":"2025-02-21T09:42:45+00:00","og_image":[{"width":1024,"height":512,"url":"https:\/\/scoring.pt\/magazine\/wp-content\/uploads\/2025\/02\/capas-artigos-98-1024x512.png","type":"image\/png"}],"author":"Bruna Fernandes","twitter_card":"summary_large_image","twitter_misc":{"Escrito por":"Bruna Fernandes","Tempo estimado de leitura":"10 minutos"},"schema":{"@context":"https:\/\/schema.org","@graph":[{"@type":"Article","@id":"https:\/\/scoring.pt\/magazine\/como-e-que-a-contabilidade-e-fulcral-no-planeamento-de-um-novo-ano\/#article","isPartOf":{"@id":"https:\/\/scoring.pt\/magazine\/como-e-que-a-contabilidade-e-fulcral-no-planeamento-de-um-novo-ano\/"},"author":{"name":"Bruna Fernandes","@id":"https:\/\/scoring.pt\/magazine\/#\/schema\/person\/c83b5929fa1427eca40f1ddcb2df8430"},"headline":"Como \u00e9 que a contabilidade \u00e9 fulcral no planeamento de um novo ano","datePublished":"2025-02-21T09:42:45+00:00","dateModified":"2025-02-21T09:42:45+00:00","mainEntityOfPage":{"@id":"https:\/\/scoring.pt\/magazine\/como-e-que-a-contabilidade-e-fulcral-no-planeamento-de-um-novo-ano\/"},"wordCount":1763,"publisher":{"@id":"https:\/\/scoring.pt\/magazine\/#organization"},"articleSection":["Gest\u00e3o"],"inLanguage":"pt-PT"},{"@type":"WebPage","@id":"https:\/\/scoring.pt\/magazine\/como-e-que-a-contabilidade-e-fulcral-no-planeamento-de-um-novo-ano\/","url":"https:\/\/scoring.pt\/magazine\/como-e-que-a-contabilidade-e-fulcral-no-planeamento-de-um-novo-ano\/","name":"Como \u00e9 que a contabilidade \u00e9 fulcral no planeamento de um novo ano - SCORING Magazine","isPartOf":{"@id":"https:\/\/scoring.pt\/magazine\/#website"},"datePublished":"2025-02-21T09:42:45+00:00","dateModified":"2025-02-21T09:42:45+00:00","description":"A defini\u00e7\u00e3o de objetivos \u00e9 crucial para a estrat\u00e9gia das empresas. Para definir objetivos deve utilizar os objetivos SMART.","breadcrumb":{"@id":"https:\/\/scoring.pt\/magazine\/como-e-que-a-contabilidade-e-fulcral-no-planeamento-de-um-novo-ano\/#breadcrumb"},"inLanguage":"pt-PT","potentialAction":[{"@type":"ReadAction","target":["https:\/\/scoring.pt\/magazine\/como-e-que-a-contabilidade-e-fulcral-no-planeamento-de-um-novo-ano\/"]}]},{"@type":"BreadcrumbList","@id":"https:\/\/scoring.pt\/magazine\/como-e-que-a-contabilidade-e-fulcral-no-planeamento-de-um-novo-ano\/#breadcrumb","itemListElement":[{"@type":"ListItem","position":1,"name":"In\u00edcio","item":"https:\/\/scoring.pt\/magazine\/"},{"@type":"ListItem","position":2,"name":"Como \u00e9 que a contabilidade \u00e9 fulcral no planeamento de um novo ano"}]},{"@type":"WebSite","@id":"https:\/\/scoring.pt\/magazine\/#website","url":"https:\/\/scoring.pt\/magazine\/","name":"Scoring Magazine","description":"A revista efetivamente sobre gest\u00e3o","publisher":{"@id":"https:\/\/scoring.pt\/magazine\/#organization"},"potentialAction":[{"@type":"SearchAction","target":{"@type":"EntryPoint","urlTemplate":"https:\/\/scoring.pt\/magazine\/?s={search_term_string}"},"query-input":"required name=search_term_string"}],"inLanguage":"pt-PT"},{"@type":"Organization","@id":"https:\/\/scoring.pt\/magazine\/#organization","name":"Scoring Magazine","url":"https:\/\/scoring.pt\/magazine\/","logo":{"@type":"ImageObject","inLanguage":"pt-PT","@id":"https:\/\/scoring.pt\/magazine\/#\/schema\/logo\/image\/","url":"http:\/\/scoring.pt\/magazine\/wp-content\/uploads\/2022\/11\/logo-site-heacer-RETINA.png","contentUrl":"http:\/\/scoring.pt\/magazine\/wp-content\/uploads\/2022\/11\/logo-site-heacer-RETINA.png","width":361,"height":93,"caption":"Scoring Magazine"},"image":{"@id":"https:\/\/scoring.pt\/magazine\/#\/schema\/logo\/image\/"}},{"@type":"Person","@id":"https:\/\/scoring.pt\/magazine\/#\/schema\/person\/c83b5929fa1427eca40f1ddcb2df8430","name":"Bruna Fernandes","image":{"@type":"ImageObject","inLanguage":"pt-PT","@id":"https:\/\/scoring.pt\/magazine\/#\/schema\/person\/image\/","url":"https:\/\/secure.gravatar.com\/avatar\/36cf148263aadde7757549873a1960269319b5c9b67d1bc60f82d9adea9d299e?s=96&d=mm&r=g","contentUrl":"https:\/\/secure.gravatar.com\/avatar\/36cf148263aadde7757549873a1960269319b5c9b67d1bc60f82d9adea9d299e?s=96&d=mm&r=g","caption":"Bruna Fernandes"},"description":"CEO acontabilista.pt","url":"https:\/\/scoring.pt\/magazine\/author\/bruna-fernandes\/"}]}},"_links":{"self":[{"href":"https:\/\/scoring.pt\/magazine\/wp-json\/wp\/v2\/posts\/1690","targetHints":{"allow":["GET"]}}],"collection":[{"href":"https:\/\/scoring.pt\/magazine\/wp-json\/wp\/v2\/posts"}],"about":[{"href":"https:\/\/scoring.pt\/magazine\/wp-json\/wp\/v2\/types\/post"}],"author":[{"embeddable":true,"href":"https:\/\/scoring.pt\/magazine\/wp-json\/wp\/v2\/users\/126"}],"replies":[{"embeddable":true,"href":"https:\/\/scoring.pt\/magazine\/wp-json\/wp\/v2\/comments?post=1690"}],"version-history":[{"count":3,"href":"https:\/\/scoring.pt\/magazine\/wp-json\/wp\/v2\/posts\/1690\/revisions"}],"predecessor-version":[{"id":1696,"href":"https:\/\/scoring.pt\/magazine\/wp-json\/wp\/v2\/posts\/1690\/revisions\/1696"}],"wp:featuredmedia":[{"embeddable":true,"href":"https:\/\/scoring.pt\/magazine\/wp-json\/wp\/v2\/media\/1691"}],"wp:attachment":[{"href":"https:\/\/scoring.pt\/magazine\/wp-json\/wp\/v2\/media?parent=1690"}],"wp:term":[{"taxonomy":"category","embeddable":true,"href":"https:\/\/scoring.pt\/magazine\/wp-json\/wp\/v2\/categories?post=1690"},{"taxonomy":"post_tag","embeddable":true,"href":"https:\/\/scoring.pt\/magazine\/wp-json\/wp\/v2\/tags?post=1690"}],"curies":[{"name":"wp","href":"https:\/\/api.w.org\/{rel}","templated":true}]}}