{"id":517,"date":"2023-09-01T08:43:45","date_gmt":"2023-09-01T08:43:45","guid":{"rendered":"https:\/\/scoring.pt\/magazine\/?p=517"},"modified":"2023-09-05T08:28:38","modified_gmt":"2023-09-05T08:28:38","slug":"mais-de-40-mil-milhoes-e-a-disposicao-da-modernizacao-de-portugal-e-da-economia-portuguesa","status":"publish","type":"post","link":"https:\/\/scoring.pt\/magazine\/mais-de-40-mil-milhoes-e-a-disposicao-da-modernizacao-de-portugal-e-da-economia-portuguesa\/","title":{"rendered":"Mais de 40 mil milh\u00f5es \u20ac \u00e0 disposi\u00e7\u00e3o da moderniza\u00e7\u00e3o de Portugal e da economia portuguesa"},"content":{"rendered":"<h3><strong>Programa de Recupera\u00e7\u00e3o e Resili\u00eancia: Onde estamos agora e o que podemos esperar?<\/strong><\/h3>\n<p>O Plano de Recupera\u00e7\u00e3o e Resili\u00eancia (PRR) \u00e9 um programa com iniciativa do governo portugu\u00eas para se candidatar a fundos da Uni\u00e3o Europeia, integrado no pacote Next Generation EU aprovado pela Comiss\u00e3o Europeia, para recuperar e impulsionar a economia portuguesa em resposta \u00e0 pandemia da COVID-19.<\/p>\n<p>Como uma medida extraordin\u00e1ria, o Plano de Recupera\u00e7\u00e3o e Resili\u00eancia destina-se a acelerar a recupera\u00e7\u00e3o econ\u00f3mica e social, promovendo uma transforma\u00e7\u00e3o resiliente e justa, beneficiando o pa\u00eds e os seus cidad\u00e3os. Est\u00e1 previsto implementar os fundos disponibilizados para o PRR at\u00e9 2026, para atuarem em tr\u00eas dimens\u00f5es estrat\u00e9gicas, destacando-se como tem\u00e1ticas a transi\u00e7\u00e3o digital, a adapta\u00e7\u00e3o \u00e0s altera\u00e7\u00f5es clim\u00e1ticas, a coes\u00e3o social e territorial e a competitividade.<\/p>\n<p>Este financiamento visa a implementa\u00e7\u00e3o de v\u00e1rios projetos e reformas para modernizar a economia portuguesa, criar emprego e melhorar os servi\u00e7os p\u00fablicos e infraestruturas.<\/p>\n<p>&nbsp;<\/p>\n<h4><strong>As Prioridades do PRR<\/strong><\/h4>\n<p>As tr\u00eas dimens\u00f5es estrat\u00e9gicas onde o PRR ir\u00e1 atuar s\u00e3o a resili\u00eancia, a transi\u00e7\u00e3o clim\u00e1tica e a transi\u00e7\u00e3o digital.<\/p>\n<ul>\n<li>Resili\u00eancia: esta dimens\u00e3o compreende a efetiva capacidade de reagir a crises e de superar os desafios (atuais e futuros) associados \u00e0s mesmas. Foi criada para promover uma recupera\u00e7\u00e3o transformadora, duradoura, justa, sustent\u00e1vel e inclusiva. Dentro desta dimens\u00e3o, s\u00e3o tidos em conta nove componentes para refor\u00e7ar a resili\u00eancia social, econ\u00f3mica e territorial de Portugal, abrangendo as \u00e1reas da sa\u00fade, habita\u00e7\u00e3o, respostas sociais, cultura, investimento empresarial inovador, qualifica\u00e7\u00f5es e compet\u00eancias, infraestruturas, flores e gest\u00e3o h\u00eddrica.<\/li>\n<li>Transi\u00e7\u00e3o Clim\u00e1tica: \u00e9 o espelho do compromisso que o pa\u00eds assumiu para neutralizar a emiss\u00e3o de carbono at\u00e9 2050, atingindo as metas clim\u00e1ticas propostas. Esta transi\u00e7\u00e3o engloba seis componentes estrat\u00e9gicos, que incluem o mar, a mobilidade sustent\u00e1vel, a descarboniza\u00e7\u00e3o da ind\u00fastria, a bioeconomia, a efici\u00eancia energ\u00e9tica em edif\u00edcios e as energias renov\u00e1veis.<\/li>\n<li>Transi\u00e7\u00e3o Digital: numa perspetiva mais digital, prev\u00eaem-se reformas e investimentos no sentido de digitalizar as empresas, o estado e educar os setores da sa\u00fade, cultura, educa\u00e7\u00e3o e gest\u00e3o florestal. Esta dimens\u00e3o est\u00e1 assente em cinco componentes, que permitir\u00e3o o avan\u00e7o nesta \u00e1rea: empresas 4.0, qualidade e sustentabilidade de finan\u00e7as p\u00fablicas, justi\u00e7a econ\u00f3mica, administra\u00e7\u00e3o p\u00fablica mais eficiente e escola digital.<\/li>\n<\/ul>\n<p><img loading=\"lazy\" decoding=\"async\" class=\"wp-image-520 aligncenter\" src=\"https:\/\/scoring.pt\/magazine\/wp-content\/uploads\/2023\/08\/Graficos-05-300x200.png\" alt=\"\" width=\"482\" height=\"321\" srcset=\"https:\/\/scoring.pt\/magazine\/wp-content\/uploads\/2023\/08\/Graficos-05-300x200.png 300w, https:\/\/scoring.pt\/magazine\/wp-content\/uploads\/2023\/08\/Graficos-05-600x400.png 600w, https:\/\/scoring.pt\/magazine\/wp-content\/uploads\/2023\/08\/Graficos-05-1024x683.png 1024w, https:\/\/scoring.pt\/magazine\/wp-content\/uploads\/2023\/08\/Graficos-05-768x512.png 768w, https:\/\/scoring.pt\/magazine\/wp-content\/uploads\/2023\/08\/Graficos-05-1536x1025.png 1536w, https:\/\/scoring.pt\/magazine\/wp-content\/uploads\/2023\/08\/Graficos-05.png 1772w\" sizes=\"auto, (max-width: 482px) 100vw, 482px\" \/><\/p>\n<p>Do total disponibilizado para Portugal, de 16.644 M\u20ac, as verbas est\u00e3o a ser dividias pelas tr\u00eas dimens\u00f5es estrat\u00e9gicas, como demonstrado no gr\u00e1fico ao lado.<\/p>\n<p>Tendo em conta que este levantamento de dados data de 10 de maio de 2023, j\u00e1 foram aprovados 80% dos fundos para a Resili\u00eancia, 65% para a Transi\u00e7\u00e3o Clim\u00e1tica e 84% para a Transi\u00e7\u00e3o Digital<sup>1<\/sup>.<\/p>\n<p>&nbsp;<\/p>\n<h4><strong>A que ritmo est\u00e1 a decorrer o PRR?<\/strong><\/h4>\n<p>Mas uma quest\u00e3o mant\u00e9m-se: em que fase de financiamento \u00e9 que Portugal se encontra? Que apoios j\u00e1 foram disponibilizados ao pa\u00eds desde a implementa\u00e7\u00e3o deste plano? Estamos atrasados face ao planeamento inicial?<\/p>\n<p>As verbas s\u00e3o disponibilizadas pela Comiss\u00e3o Europeia consoante os objetivos e metas alcan\u00e7ados pelo pa\u00eds, estando dependente de uma avalia\u00e7\u00e3o de resultados. No entanto, os desembolsos foram projetados de acordo com um calend\u00e1rio anual:<\/p>\n<p><img loading=\"lazy\" decoding=\"async\" class=\"wp-image-521 aligncenter\" src=\"https:\/\/scoring.pt\/magazine\/wp-content\/uploads\/2023\/08\/cronograma-300x253.png\" alt=\"\" width=\"279\" height=\"236\" srcset=\"https:\/\/scoring.pt\/magazine\/wp-content\/uploads\/2023\/08\/cronograma-300x253.png 300w, https:\/\/scoring.pt\/magazine\/wp-content\/uploads\/2023\/08\/cronograma-600x507.png 600w, https:\/\/scoring.pt\/magazine\/wp-content\/uploads\/2023\/08\/cronograma-768x648.png 768w, https:\/\/scoring.pt\/magazine\/wp-content\/uploads\/2023\/08\/cronograma.png 777w\" sizes=\"auto, (max-width: 279px) 100vw, 279px\" \/><\/p>\n<p>Apesar deste planeamento, foi aprovado e disponibilizado um pr\u00e9-financiamento, correspondente a 13% da verba global, compreendido no financiamento do primeiro ano (2021). Nesse pr\u00e9-financiamento, Portugal recebeu 2.159 M\u20ac, sendo que desse total, 1.808 M\u20ac s\u00e3o subven\u00e7\u00f5es e 351 M\u20ac s\u00e3o empr\u00e9stimos atrav\u00e9s do Banco de Fomento.<\/p>\n<p><img loading=\"lazy\" decoding=\"async\" class=\"wp-image-522 aligncenter\" src=\"https:\/\/scoring.pt\/magazine\/wp-content\/uploads\/2023\/08\/Graficos-06-300x200.png\" alt=\"\" width=\"473\" height=\"316\" srcset=\"https:\/\/scoring.pt\/magazine\/wp-content\/uploads\/2023\/08\/Graficos-06-300x200.png 300w, https:\/\/scoring.pt\/magazine\/wp-content\/uploads\/2023\/08\/Graficos-06-600x400.png 600w, https:\/\/scoring.pt\/magazine\/wp-content\/uploads\/2023\/08\/Graficos-06-1024x683.png 1024w, https:\/\/scoring.pt\/magazine\/wp-content\/uploads\/2023\/08\/Graficos-06-768x512.png 768w, https:\/\/scoring.pt\/magazine\/wp-content\/uploads\/2023\/08\/Graficos-06-1536x1025.png 1536w, https:\/\/scoring.pt\/magazine\/wp-content\/uploads\/2023\/08\/Graficos-06.png 1772w\" sizes=\"auto, (max-width: 473px) 100vw, 473px\" \/><\/p>\n<p>Ap\u00f3s o pr\u00e9-financiamento, foi efetuado o primeiro pedido de pagamento de Portugal \u00e0 UE, formalizado a 25 de janeiro de 2022 e recebido a 9 de maio do mesmo ano, no valor total de 1.162 M\u20ac (553 M\u20ac de subven\u00e7\u00f5es e 609 M\u20ac de empr\u00e9stimos). O segundo pedido de pagamento foi efetuado ap\u00f3s cumprimento de 6% dos marcos e metas previstos pela UE, com um total de 1.820 M\u20ac transferidos a 8 de fevereiro de 2023. At\u00e9 \u00e0 data (tendo como refer\u00eancia 10 de maio de 2023) j\u00e1 foram cumpridos 17% dos marcos e metas propostos a Portugal pela UE (58 de um total de 341).<\/p>\n<p><img loading=\"lazy\" decoding=\"async\" class=\"wp-image-523 aligncenter\" src=\"https:\/\/scoring.pt\/magazine\/wp-content\/uploads\/2023\/08\/Graficos-07-e1693470893342-300x181.png\" alt=\"\" width=\"330\" height=\"199\" srcset=\"https:\/\/scoring.pt\/magazine\/wp-content\/uploads\/2023\/08\/Graficos-07-e1693470893342-300x181.png 300w, https:\/\/scoring.pt\/magazine\/wp-content\/uploads\/2023\/08\/Graficos-07-e1693470893342-600x363.png 600w, https:\/\/scoring.pt\/magazine\/wp-content\/uploads\/2023\/08\/Graficos-07-e1693470893342-1024x619.png 1024w, https:\/\/scoring.pt\/magazine\/wp-content\/uploads\/2023\/08\/Graficos-07-e1693470893342-768x464.png 768w, https:\/\/scoring.pt\/magazine\/wp-content\/uploads\/2023\/08\/Graficos-07-e1693470893342.png 1128w\" sizes=\"auto, (max-width: 330px) 100vw, 330px\" \/><\/p>\n<h4><strong>O que j\u00e1 recebemos e dev\u00edamos ter recebido at\u00e9 agora?<\/strong><\/h4>\n<p>O panorama atual de Portugal perante o Plano de Recupera\u00e7\u00e3o e Resili\u00eancia encontra-se, ainda, numa fase embrion\u00e1ria. Dos 16.644M\u20ac previstos no PRR, Portugal j\u00e1 recebeu 5.141M\u20ac com dois pedidos e um pr\u00e9-financiamento, ficando a faltar receber 11.503M\u20ac, divididos pelos oito restantes pedidos, at\u00e9 2026.<\/p>\n<p><img loading=\"lazy\" decoding=\"async\" class=\"wp-image-524 aligncenter\" src=\"https:\/\/scoring.pt\/magazine\/wp-content\/uploads\/2023\/08\/Graficos-08-300x200.png\" alt=\"\" width=\"458\" height=\"305\" srcset=\"https:\/\/scoring.pt\/magazine\/wp-content\/uploads\/2023\/08\/Graficos-08-300x200.png 300w, https:\/\/scoring.pt\/magazine\/wp-content\/uploads\/2023\/08\/Graficos-08-600x400.png 600w, https:\/\/scoring.pt\/magazine\/wp-content\/uploads\/2023\/08\/Graficos-08-1024x683.png 1024w, https:\/\/scoring.pt\/magazine\/wp-content\/uploads\/2023\/08\/Graficos-08-768x512.png 768w, https:\/\/scoring.pt\/magazine\/wp-content\/uploads\/2023\/08\/Graficos-08-1536x1025.png 1536w, https:\/\/scoring.pt\/magazine\/wp-content\/uploads\/2023\/08\/Graficos-08.png 1772w\" sizes=\"auto, (max-width: 458px) 100vw, 458px\" \/><\/p>\n<p>At\u00e9 2023, estava previsto ser pago \u00e0 economia portuguesa 65% dos fundos totais do PRR. Atualmente, a meio do ano de 2023, j\u00e1 foram recebidos 31% desses fundos, revelando um atraso de 34% dos financiamentos inicialmente previstos.<\/p>\n<p><img loading=\"lazy\" decoding=\"async\" class=\"wp-image-525 aligncenter\" src=\"https:\/\/scoring.pt\/magazine\/wp-content\/uploads\/2023\/08\/Graficos-10-300x200.png\" alt=\"\" width=\"545\" height=\"363\" srcset=\"https:\/\/scoring.pt\/magazine\/wp-content\/uploads\/2023\/08\/Graficos-10-300x200.png 300w, https:\/\/scoring.pt\/magazine\/wp-content\/uploads\/2023\/08\/Graficos-10-600x400.png 600w, https:\/\/scoring.pt\/magazine\/wp-content\/uploads\/2023\/08\/Graficos-10-1024x683.png 1024w, https:\/\/scoring.pt\/magazine\/wp-content\/uploads\/2023\/08\/Graficos-10-768x512.png 768w, https:\/\/scoring.pt\/magazine\/wp-content\/uploads\/2023\/08\/Graficos-10-1536x1025.png 1536w, https:\/\/scoring.pt\/magazine\/wp-content\/uploads\/2023\/08\/Graficos-10.png 1772w\" sizes=\"auto, (max-width: 545px) 100vw, 545px\" \/><\/p>\n<p>&nbsp;<\/p>\n<h3><strong>PORTUGAL 2030: Por um pa\u00eds mais pr\u00f3ximo dos cidad\u00e3os<\/strong><\/h3>\n<p><strong>\u201cPor um pa\u00eds mais inteligente, mais verde, mais conectado, mais social, mais pr\u00f3ximos dos cidad\u00e3os\u201d \u00e9 o slogan que acompanha a iniciativa Portugal 2030.<\/strong><\/p>\n<p>Este programa espelha um acordo entre Portugal e a Comiss\u00e3o Europeia, para o financiamento proveniente dos fundos de desenvolvimento da economia portuguesa, num total de 23.000 M\u20ac, a cumprir entre 2021 e 2027<sup>2<\/sup>.<\/p>\n<p>Os programas que comp\u00f5em o Portugal 2030 visam mobilizar recursos para tornar o pa\u00eds mais coeso internamente e competitivo externamente. Estes est\u00e3o organizados por regi\u00f5es e temas, que pretendem mover a totalidade dos recursos dispon\u00edveis e, a partir de cada um, ser\u00e3o criados os apoios para os candidatos. De acordo com o site Portugal 2030, os apoios podem incidir sobre: particulares; empresas; autarquias e outros organismos p\u00fablicos; e cooperativas, associa\u00e7\u00f5es, institui\u00e7\u00f5es particulares de solidariedade social<sup>3<\/sup>.<\/p>\n<p><img loading=\"lazy\" decoding=\"async\" class=\"wp-image-526 aligncenter\" src=\"https:\/\/scoring.pt\/magazine\/wp-content\/uploads\/2023\/08\/Graficos-09-300x200.png\" alt=\"\" width=\"431\" height=\"287\" srcset=\"https:\/\/scoring.pt\/magazine\/wp-content\/uploads\/2023\/08\/Graficos-09-300x200.png 300w, https:\/\/scoring.pt\/magazine\/wp-content\/uploads\/2023\/08\/Graficos-09-600x400.png 600w, https:\/\/scoring.pt\/magazine\/wp-content\/uploads\/2023\/08\/Graficos-09-1024x683.png 1024w, https:\/\/scoring.pt\/magazine\/wp-content\/uploads\/2023\/08\/Graficos-09-768x512.png 768w, https:\/\/scoring.pt\/magazine\/wp-content\/uploads\/2023\/08\/Graficos-09-1536x1025.png 1536w, https:\/\/scoring.pt\/magazine\/wp-content\/uploads\/2023\/08\/Graficos-09.png 1772w\" sizes=\"auto, (max-width: 431px) 100vw, 431px\" \/><\/p>\n<p>Este programa divide-se em:<\/p>\n<ul>\n<li>Programas tem\u00e1ticos: apoiam projetos de acordo com a \u00e1rea de interven\u00e7\u00e3o em que se inserem.\n<ul>\n<li>Pessoas 2030 \u2013 demografia, qualifica\u00e7\u00f5es e inclus\u00e3o<\/li>\n<li>COMPETE 2030 \u2013 inova\u00e7\u00e3o e transi\u00e7\u00e3o digital<\/li>\n<li>Sustent\u00e1vel 2030 \u2013 a\u00e7\u00e3o clim\u00e1tica e sustentabilidade<\/li>\n<li>Mar 2030<\/li>\n<\/ul>\n<\/li>\n<li>Programas regionais: apoiam iniciativas consoante a regi\u00e3o do pa\u00eds em que se insere. Cinco desses programas dedicam-se a regi\u00f5es do continente e dois a regi\u00f5es aut\u00f3nomas.\n<ul>\n<li>Norte 2030<\/li>\n<li>Centro 2030<\/li>\n<li>Lisboa 2030<\/li>\n<li>Alentejo 2030<\/li>\n<li>Algarve 2030<\/li>\n<li>A\u00e7ores 2030<\/li>\n<li>Madeira 2030<\/li>\n<\/ul>\n<\/li>\n<li>Programa de assist\u00eancia t\u00e9cnica: para apoiar atividades de gest\u00e3o e implementa\u00e7\u00e3o do Portugal 2030 e dos fundos europeus.<\/li>\n<\/ul>\n<p>&nbsp;<\/p>\n<p>O financiamento do programa Portugal 2030 \u00e9 proveniente de um conjunto de fundos europeus: 11.497 M\u20ac (50%) do FEDER &#8211; Fundo Europeu de Desenvolvimento Regional; 7.777 M\u20ac do FSE+ (Fundo Social Europeu); 3.105 M\u20ac do Fundo de Coes\u00e3o; 393 M\u20ac do Fundo Europeu dos Assuntos Mar\u00edtimos, das Pescas e da Aquicultura (FEAMPA); e 224 M\u20ac do Fundo para uma Transi\u00e7\u00e3o Justa (como verificado no quadro abaixo)<sup>4<\/sup>.<\/p>\n<ul>\n<li>O programa em quest\u00e3o \u00e9 orientado por cinco objetivos estrat\u00e9gicos, de forma a fazerem o pa\u00eds avan\u00e7ar nessas mesmas \u00e1reas<sup>5<\/sup>.<\/li>\n<li>Portugal + inteligente: aposta na inova\u00e7\u00e3o, digitaliza\u00e7\u00e3o (conectividade digital), competitividade e internacionaliza\u00e7\u00e3o de empresas, transi\u00e7\u00e3o industrial e empreendedorismo.<\/li>\n<li>Portugal + verde: incide numa mobilidade mais sustent\u00e1vel e verde, tendo em conta as metas da descarboniza\u00e7\u00e3o e a emerg\u00eancia clim\u00e1tica.<\/li>\n<li>Portugal + conectado: aposta na mobilidade de pessoas e bens, na qualifica\u00e7\u00e3o de territ\u00f3rios, atrav\u00e9s da melhoria da ferrovia, garantido uma inser\u00e7\u00e3o noutros mercados.<\/li>\n<li>Portugal + social: promove a igualdade de acesso a cuidados de sa\u00fade, a emprego de qualidade, e \u00e0 inclus\u00e3o social segundo o Pilar Europeu dos Direitos Sociais.<\/li>\n<li>Portugal + pr\u00f3ximo dos cidad\u00e3os: atrav\u00e9s de estrat\u00e9gias de desenvolvimento a n\u00edvel local, para promover a coes\u00e3o social e territorial e o desenvolvimento urbano sustent\u00e1vel.<\/li>\n<\/ul>\n<p><img loading=\"lazy\" decoding=\"async\" class=\"wp-image-527 aligncenter\" src=\"https:\/\/scoring.pt\/magazine\/wp-content\/uploads\/2023\/08\/reparticao-fundos-300x152.png\" alt=\"\" width=\"831\" height=\"421\" srcset=\"https:\/\/scoring.pt\/magazine\/wp-content\/uploads\/2023\/08\/reparticao-fundos-300x152.png 300w, https:\/\/scoring.pt\/magazine\/wp-content\/uploads\/2023\/08\/reparticao-fundos-600x304.png 600w, https:\/\/scoring.pt\/magazine\/wp-content\/uploads\/2023\/08\/reparticao-fundos-1024x519.png 1024w, https:\/\/scoring.pt\/magazine\/wp-content\/uploads\/2023\/08\/reparticao-fundos-768x389.png 768w, https:\/\/scoring.pt\/magazine\/wp-content\/uploads\/2023\/08\/reparticao-fundos.png 1388w\" sizes=\"auto, (max-width: 831px) 100vw, 831px\" \/><\/p>\n<p>No quadro anterior, \u00e9 poss\u00edvel verificar de que forma o programa ir\u00e1 distribuir os fundos financiados por cada um dos objetivos definidos.<\/p>\n<p>&nbsp;<\/p>\n<h4><strong>IAPMEI como porta de entrada<\/strong><\/h4>\n<p>Ao aceder ao site do IAPMEI, pode obter informa\u00e7\u00f5es sobre os sistemas de incentivos e financiamentos dispon\u00edveis para as empresas, atrav\u00e9s da sec\u00e7\u00e3o de produtos e servi\u00e7os. L\u00e1 encontrar\u00e1 alguns esclarecimentos sobre os incentivos relativos ao PRR, nomeadamente de tr\u00eas componentes (capitaliza\u00e7\u00e3o e inova\u00e7\u00e3o empresarial, descarboniza\u00e7\u00e3o da ind\u00fastria e empresas 4.0). Tamb\u00e9m direciona para o portal que o permite acompanhar a sua candidatura (Consola IAPMEI Incentivos PRR), bem como um guia de utiliza\u00e7\u00e3o da mesma. O IAPMEI disponibiliza, ainda, um conjunto de documentos para download que facilitam e automatizam a candidatura das empresas aos apoios, dos quais guias e manuais, a legisla\u00e7\u00e3o que acompanha os apoios e os programas e apresenta\u00e7\u00f5es.<\/p>\n<p>Quanto aos incentivos prestados no \u00e2mbito do Portugal 2030, o IAPMEI faculta o acesso \u00e0s vers\u00f5es integrais dos v\u00e1rios programas tem\u00e1ticos, da assist\u00eancia t\u00e9cnica, da coopera\u00e7\u00e3o territorial europeia e dos programas regionais. Adicionalmente, ainda disponibilizam a legisla\u00e7\u00e3o que abrange este incentivo, a legisla\u00e7\u00e3o correlacionada e um guia de apoio ao preenchimento das candidaturas no Balc\u00e3o dos Fundos.<\/p>\n<p>&nbsp;<\/p>\n<h4><strong>Balc\u00e3o dos Fundos<\/strong><\/h4>\n<p>O Balc\u00e3o dos Fundos \u00e9 uma plataforma que permite a apresenta\u00e7\u00e3o de candidaturas aos programas de incentivo no \u00e2mbito do Portugal 2020, Portugal 2030 e PRR, e destina-se a pessoas singulares ou coletivas que queiram apresentar a sua candidatura a qualquer um destes apoios. Este balc\u00e3o serve para substituir o portal do Portugal 2020, passando todas as candidaturas desta natureza a serem geridas num \u00fanico portal, mesmo as que j\u00e1 tenham sido aprovadas ou j\u00e1 estejam a receber apoios. Atrav\u00e9s desta plataforma, pode:<\/p>\n<ul>\n<li>submeter, corrigir e acrescentar documentos \u00e0 sua candidatura;<\/li>\n<li>consultar os detalhes dos concursos abertos;<\/li>\n<li>acompanhar o estado da opera\u00e7\u00e3o (como pedidos de financiamento);<\/li>\n<li>receber apoio t\u00e9cnico para usar a plataforma.<\/li>\n<\/ul>\n<p>&nbsp;<\/p>\n<p style=\"padding-left: 40px;\">Para estar a par dos avisos, consulte <a href=\"http:\/\/www.portugal2030.pt\/avisos\/\">www.portugal2030.pt\/avisos\/<\/a>.<\/p>\n<p style=\"padding-left: 40px;\">Para se candidatar, aceda ao <a href=\"https:\/\/bfue-ids.balcaofundosue.pt\/Account\/Login?ReturnUrl=%2Fconnect%2Fauthorize%2Fcallback%3Fclient_id%3DBalcao%252B%26redirect_uri%3Dhttps%253A%252F%252Fbalcaofundosue.pt%252Fsignin-oidc%26response_type%3Dcode%2520id_token%26scope%3Dopenid%2520profile%2520Balcao%252Bapi%26response_mode%3Dform_post%26nonce%3D638290679099192716.NGZhNDUxMDctZDYyMC00NTIzLTlhYjUtOWExMWI1NmNiMWNmZjYyNjM4YmItYTg5Ny00ZDMyLTk3MGUtN2QwZmZiNjk2YmJj%26state%3DCfDJ8DxgnBHq8BJNqXyA2GoNrX9ejPTTA1nqS3NBRHKCviU1WdFh6jcxXkf9WzSTkHlNa_FM_W_i9Gw1ouRaxsmUzc_tFPry2MNVmZnr14QKb2LqNSje9jPeaPan6wD5LpvfwbtSuPDFe1W9N9xU616MCypJ2d_9yh3aTcCyNScjrosM6zA13j_EavUl8K_cG5m4W-hpGHe1BvXAZrvBibfcQ-B9cOx6mKxSRPM1aemknSxLZVQhtBAYdpjwvcRazGIvOMTIHz07Y-jkD7rJHmL8j_lB05XV9nnhfdmFYPK9HInk-D14shbVULBj4PmWhKCC5Q%26x-client-SKU%3DID_NETSTANDARD2_0%26x-client-ver%3D5.5.0.0\">Balc\u00e3o dos Fundos<\/a>.<\/p>\n<p>&nbsp;<\/p>\n<p>Portugal est\u00e1 a preparar-se para o futuro, tomando medidas e definindo objetivos, de forma a promover uma sociedade inovadora, competitiva, coesa e socialmente orientada. Assim, o pa\u00eds aposta num futuro mais sustent\u00e1vel, capaz de enfrentar diversos desafios e oportunidades, nunca esquecendo que o sucesso do programa depender\u00e1 da implementa\u00e7\u00e3o efetiva, ao longo da pr\u00f3xima d\u00e9cada, das pol\u00edticas definidas. S\u00e3o muitos os fundos para preparar o pa\u00eds e, assim, os organismos p\u00fablicos e as empresas conseguir\u00e3o aproveit\u00e1-los na sua plenitude.<\/p>\n<p>&nbsp;<\/p>\n<h4><strong>E para as empresas?<\/strong><\/h4>\n<p>Apesar do or\u00e7amento inicial ser de 16.6 mil milh\u00f5es de euros, foi comunicado pela Lusa, o aumento do envelope do PRR, passando de 16.6 mil milh\u00f5es para 20.6 mil milh\u00f5es de euros, o que significa uma amplifica\u00e7\u00e3o de mais de 4 mil milh\u00f5es de euros, sendo que a maioria tem as empresas como destino.<\/p>\n<p>O financiamento previsto para Portugal no \u00e2mbito dos fundos europeus at\u00e9 2030, disponibiliza uma grande \u201cfatia\u201d das verbas para apoio financeiro \u00e0s empresas. Ao somar os fundos destinados ao PRR e ao Portugal 2030, prev\u00ea-se um aumento de 133% relativamente ao Portugal 2020, no apoio financeiro fornecido \u00e0s empresas (de acordo com declara\u00e7\u00e3o da ministra Mariana Vieira da Silva, dada ao Parlamento a 19 de abril de 2023).<\/p>\n<p><img loading=\"lazy\" decoding=\"async\" class=\"wp-image-528 aligncenter\" src=\"https:\/\/scoring.pt\/magazine\/wp-content\/uploads\/2023\/08\/Graficos-12-300x200.png\" alt=\"\" width=\"515\" height=\"343\" srcset=\"https:\/\/scoring.pt\/magazine\/wp-content\/uploads\/2023\/08\/Graficos-12-300x200.png 300w, https:\/\/scoring.pt\/magazine\/wp-content\/uploads\/2023\/08\/Graficos-12-600x400.png 600w, https:\/\/scoring.pt\/magazine\/wp-content\/uploads\/2023\/08\/Graficos-12-1024x683.png 1024w, https:\/\/scoring.pt\/magazine\/wp-content\/uploads\/2023\/08\/Graficos-12-768x512.png 768w, https:\/\/scoring.pt\/magazine\/wp-content\/uploads\/2023\/08\/Graficos-12-1536x1025.png 1536w, https:\/\/scoring.pt\/magazine\/wp-content\/uploads\/2023\/08\/Graficos-12.png 1772w\" sizes=\"auto, (max-width: 515px) 100vw, 515px\" \/><\/p>\n<p>&nbsp;<\/p>\n<p><sup>1 www.recuperarportugal.gov.pt<\/sup><\/p>\n<p><sup>2 \/ 3 www.portugal2030.pt<\/sup><\/p>\n<p><sup>4 \/ 5\u00a0 www.portugal2030.pt<\/sup><\/p>\n<p>&nbsp;<\/p>\n","protected":false},"excerpt":{"rendered":"<p>Conhe\u00e7a os planos e apoios de incentivo \u00e0 economia portuguesa para os pr\u00f3ximos anos, atrav\u00e9s do Plano de Recupera\u00e7\u00e3o e Resili\u00eancia e do Portugal 2030, e as oportunidades de crescimento destinadas \u00e0s empresas.<\/p>\n","protected":false},"author":14,"featured_media":529,"comment_status":"closed","ping_status":"closed","sticky":false,"template":"","format":"standard","meta":{"_bbp_topic_count":0,"_bbp_reply_count":0,"_bbp_total_topic_count":0,"_bbp_total_reply_count":0,"_bbp_voice_count":0,"_bbp_anonymous_reply_count":0,"_bbp_topic_count_hidden":0,"_bbp_reply_count_hidden":0,"_bbp_forum_subforum_count":0,"footnotes":""},"categories":[31],"tags":[],"class_list":["post-517","post","type-post","status-publish","format-standard","has-post-thumbnail","hentry","category-gestao"],"yoast_head":"<!-- This site is optimized with the Yoast SEO plugin v20.13 - https:\/\/yoast.com\/wordpress\/plugins\/seo\/ -->\n<title>Mais de 40 mil milh\u00f5es \u20ac \u00e0 disposi\u00e7\u00e3o da moderniza\u00e7\u00e3o de Portugal e da economia portuguesa - SCORING Magazine<\/title>\n<meta name=\"robots\" content=\"index, follow, max-snippet:-1, max-image-preview:large, max-video-preview:-1\" \/>\n<link rel=\"canonical\" href=\"https:\/\/scoring.pt\/magazine\/mais-de-40-mil-milhoes-e-a-disposicao-da-modernizacao-de-portugal-e-da-economia-portuguesa\/\" \/>\n<meta property=\"og:locale\" content=\"pt_PT\" \/>\n<meta property=\"og:type\" content=\"article\" \/>\n<meta property=\"og:title\" content=\"Mais de 40 mil milh\u00f5es \u20ac \u00e0 disposi\u00e7\u00e3o da moderniza\u00e7\u00e3o de Portugal e da economia portuguesa - SCORING Magazine\" \/>\n<meta property=\"og:description\" content=\"Conhe\u00e7a os planos e apoios de incentivo \u00e0 economia portuguesa para os pr\u00f3ximos anos, atrav\u00e9s do Plano de Recupera\u00e7\u00e3o e Resili\u00eancia e do Portugal 2030, e as oportunidades de crescimento destinadas \u00e0s empresas.\" \/>\n<meta property=\"og:url\" content=\"https:\/\/scoring.pt\/magazine\/mais-de-40-mil-milhoes-e-a-disposicao-da-modernizacao-de-portugal-e-da-economia-portuguesa\/\" \/>\n<meta property=\"og:site_name\" content=\"SCORING Magazine\" \/>\n<meta property=\"article:published_time\" content=\"2023-09-01T08:43:45+00:00\" \/>\n<meta property=\"article:modified_time\" content=\"2023-09-05T08:28:38+00:00\" \/>\n<meta property=\"og:image\" content=\"https:\/\/scoring.pt\/magazine\/wp-content\/uploads\/2023\/08\/imagnes-artigos-18-1024x512.png\" \/>\n\t<meta property=\"og:image:width\" content=\"1024\" \/>\n\t<meta property=\"og:image:height\" content=\"512\" \/>\n\t<meta property=\"og:image:type\" content=\"image\/png\" \/>\n<meta name=\"author\" content=\"Joana Faria\" \/>\n<meta name=\"twitter:card\" content=\"summary_large_image\" \/>\n<meta name=\"twitter:label1\" content=\"Escrito por\" \/>\n\t<meta name=\"twitter:data1\" content=\"Joana Faria\" \/>\n\t<meta name=\"twitter:label2\" content=\"Tempo estimado de leitura\" \/>\n\t<meta name=\"twitter:data2\" content=\"12 minutos\" \/>\n<script type=\"application\/ld+json\" class=\"yoast-schema-graph\">{\"@context\":\"https:\/\/schema.org\",\"@graph\":[{\"@type\":\"Article\",\"@id\":\"https:\/\/scoring.pt\/magazine\/mais-de-40-mil-milhoes-e-a-disposicao-da-modernizacao-de-portugal-e-da-economia-portuguesa\/#article\",\"isPartOf\":{\"@id\":\"https:\/\/scoring.pt\/magazine\/mais-de-40-mil-milhoes-e-a-disposicao-da-modernizacao-de-portugal-e-da-economia-portuguesa\/\"},\"author\":{\"name\":\"Joana Faria\",\"@id\":\"https:\/\/scoring.pt\/magazine\/#\/schema\/person\/39f2965a9daea54f75205f68805a82f6\"},\"headline\":\"Mais de 40 mil milh\u00f5es \u20ac \u00e0 disposi\u00e7\u00e3o da moderniza\u00e7\u00e3o de Portugal e da economia portuguesa\",\"datePublished\":\"2023-09-01T08:43:45+00:00\",\"dateModified\":\"2023-09-05T08:28:38+00:00\",\"mainEntityOfPage\":{\"@id\":\"https:\/\/scoring.pt\/magazine\/mais-de-40-mil-milhoes-e-a-disposicao-da-modernizacao-de-portugal-e-da-economia-portuguesa\/\"},\"wordCount\":1879,\"publisher\":{\"@id\":\"https:\/\/scoring.pt\/magazine\/#organization\"},\"articleSection\":[\"Gest\u00e3o\"],\"inLanguage\":\"pt-PT\"},{\"@type\":\"WebPage\",\"@id\":\"https:\/\/scoring.pt\/magazine\/mais-de-40-mil-milhoes-e-a-disposicao-da-modernizacao-de-portugal-e-da-economia-portuguesa\/\",\"url\":\"https:\/\/scoring.pt\/magazine\/mais-de-40-mil-milhoes-e-a-disposicao-da-modernizacao-de-portugal-e-da-economia-portuguesa\/\",\"name\":\"Mais de 40 mil milh\u00f5es \u20ac \u00e0 disposi\u00e7\u00e3o da moderniza\u00e7\u00e3o de Portugal e da economia portuguesa - SCORING Magazine\",\"isPartOf\":{\"@id\":\"https:\/\/scoring.pt\/magazine\/#website\"},\"datePublished\":\"2023-09-01T08:43:45+00:00\",\"dateModified\":\"2023-09-05T08:28:38+00:00\",\"breadcrumb\":{\"@id\":\"https:\/\/scoring.pt\/magazine\/mais-de-40-mil-milhoes-e-a-disposicao-da-modernizacao-de-portugal-e-da-economia-portuguesa\/#breadcrumb\"},\"inLanguage\":\"pt-PT\",\"potentialAction\":[{\"@type\":\"ReadAction\",\"target\":[\"https:\/\/scoring.pt\/magazine\/mais-de-40-mil-milhoes-e-a-disposicao-da-modernizacao-de-portugal-e-da-economia-portuguesa\/\"]}]},{\"@type\":\"BreadcrumbList\",\"@id\":\"https:\/\/scoring.pt\/magazine\/mais-de-40-mil-milhoes-e-a-disposicao-da-modernizacao-de-portugal-e-da-economia-portuguesa\/#breadcrumb\",\"itemListElement\":[{\"@type\":\"ListItem\",\"position\":1,\"name\":\"In\u00edcio\",\"item\":\"https:\/\/scoring.pt\/magazine\/\"},{\"@type\":\"ListItem\",\"position\":2,\"name\":\"Mais de 40 mil milh\u00f5es \u20ac \u00e0 disposi\u00e7\u00e3o da moderniza\u00e7\u00e3o de Portugal e da economia portuguesa\"}]},{\"@type\":\"WebSite\",\"@id\":\"https:\/\/scoring.pt\/magazine\/#website\",\"url\":\"https:\/\/scoring.pt\/magazine\/\",\"name\":\"Scoring Magazine\",\"description\":\"A revista efetivamente sobre gest\u00e3o\",\"publisher\":{\"@id\":\"https:\/\/scoring.pt\/magazine\/#organization\"},\"potentialAction\":[{\"@type\":\"SearchAction\",\"target\":{\"@type\":\"EntryPoint\",\"urlTemplate\":\"https:\/\/scoring.pt\/magazine\/?s={search_term_string}\"},\"query-input\":\"required name=search_term_string\"}],\"inLanguage\":\"pt-PT\"},{\"@type\":\"Organization\",\"@id\":\"https:\/\/scoring.pt\/magazine\/#organization\",\"name\":\"Scoring Magazine\",\"url\":\"https:\/\/scoring.pt\/magazine\/\",\"logo\":{\"@type\":\"ImageObject\",\"inLanguage\":\"pt-PT\",\"@id\":\"https:\/\/scoring.pt\/magazine\/#\/schema\/logo\/image\/\",\"url\":\"http:\/\/scoring.pt\/magazine\/wp-content\/uploads\/2022\/11\/logo-site-heacer-RETINA.png\",\"contentUrl\":\"http:\/\/scoring.pt\/magazine\/wp-content\/uploads\/2022\/11\/logo-site-heacer-RETINA.png\",\"width\":361,\"height\":93,\"caption\":\"Scoring Magazine\"},\"image\":{\"@id\":\"https:\/\/scoring.pt\/magazine\/#\/schema\/logo\/image\/\"}},{\"@type\":\"Person\",\"@id\":\"https:\/\/scoring.pt\/magazine\/#\/schema\/person\/39f2965a9daea54f75205f68805a82f6\",\"name\":\"Joana Faria\",\"image\":{\"@type\":\"ImageObject\",\"inLanguage\":\"pt-PT\",\"@id\":\"https:\/\/scoring.pt\/magazine\/#\/schema\/person\/image\/\",\"url\":\"https:\/\/secure.gravatar.com\/avatar\/d8ceb83623f3582b3cf8c7b68475249870f0c7e62c235e69a028e1352f49c3cd?s=96&d=mm&r=g\",\"contentUrl\":\"https:\/\/secure.gravatar.com\/avatar\/d8ceb83623f3582b3cf8c7b68475249870f0c7e62c235e69a028e1352f49c3cd?s=96&d=mm&r=g\",\"caption\":\"Joana Faria\"},\"description\":\"Reda\u00e7\u00e3o SCORING\",\"url\":\"https:\/\/scoring.pt\/magazine\/author\/joana-faria\/\"}]}<\/script>\n<!-- \/ Yoast SEO plugin. -->","yoast_head_json":{"title":"Mais de 40 mil milh\u00f5es \u20ac \u00e0 disposi\u00e7\u00e3o da moderniza\u00e7\u00e3o de Portugal e da economia portuguesa - SCORING Magazine","robots":{"index":"index","follow":"follow","max-snippet":"max-snippet:-1","max-image-preview":"max-image-preview:large","max-video-preview":"max-video-preview:-1"},"canonical":"https:\/\/scoring.pt\/magazine\/mais-de-40-mil-milhoes-e-a-disposicao-da-modernizacao-de-portugal-e-da-economia-portuguesa\/","og_locale":"pt_PT","og_type":"article","og_title":"Mais de 40 mil milh\u00f5es \u20ac \u00e0 disposi\u00e7\u00e3o da moderniza\u00e7\u00e3o de Portugal e da economia portuguesa - SCORING Magazine","og_description":"Conhe\u00e7a os planos e apoios de incentivo \u00e0 economia portuguesa para os pr\u00f3ximos anos, atrav\u00e9s do Plano de Recupera\u00e7\u00e3o e Resili\u00eancia e do Portugal 2030, e as oportunidades de crescimento destinadas \u00e0s empresas.","og_url":"https:\/\/scoring.pt\/magazine\/mais-de-40-mil-milhoes-e-a-disposicao-da-modernizacao-de-portugal-e-da-economia-portuguesa\/","og_site_name":"SCORING Magazine","article_published_time":"2023-09-01T08:43:45+00:00","article_modified_time":"2023-09-05T08:28:38+00:00","og_image":[{"width":1024,"height":512,"url":"https:\/\/scoring.pt\/magazine\/wp-content\/uploads\/2023\/08\/imagnes-artigos-18-1024x512.png","type":"image\/png"}],"author":"Joana Faria","twitter_card":"summary_large_image","twitter_misc":{"Escrito por":"Joana Faria","Tempo estimado de leitura":"12 minutos"},"schema":{"@context":"https:\/\/schema.org","@graph":[{"@type":"Article","@id":"https:\/\/scoring.pt\/magazine\/mais-de-40-mil-milhoes-e-a-disposicao-da-modernizacao-de-portugal-e-da-economia-portuguesa\/#article","isPartOf":{"@id":"https:\/\/scoring.pt\/magazine\/mais-de-40-mil-milhoes-e-a-disposicao-da-modernizacao-de-portugal-e-da-economia-portuguesa\/"},"author":{"name":"Joana Faria","@id":"https:\/\/scoring.pt\/magazine\/#\/schema\/person\/39f2965a9daea54f75205f68805a82f6"},"headline":"Mais de 40 mil milh\u00f5es \u20ac \u00e0 disposi\u00e7\u00e3o da moderniza\u00e7\u00e3o de Portugal e da economia portuguesa","datePublished":"2023-09-01T08:43:45+00:00","dateModified":"2023-09-05T08:28:38+00:00","mainEntityOfPage":{"@id":"https:\/\/scoring.pt\/magazine\/mais-de-40-mil-milhoes-e-a-disposicao-da-modernizacao-de-portugal-e-da-economia-portuguesa\/"},"wordCount":1879,"publisher":{"@id":"https:\/\/scoring.pt\/magazine\/#organization"},"articleSection":["Gest\u00e3o"],"inLanguage":"pt-PT"},{"@type":"WebPage","@id":"https:\/\/scoring.pt\/magazine\/mais-de-40-mil-milhoes-e-a-disposicao-da-modernizacao-de-portugal-e-da-economia-portuguesa\/","url":"https:\/\/scoring.pt\/magazine\/mais-de-40-mil-milhoes-e-a-disposicao-da-modernizacao-de-portugal-e-da-economia-portuguesa\/","name":"Mais de 40 mil milh\u00f5es \u20ac \u00e0 disposi\u00e7\u00e3o da moderniza\u00e7\u00e3o de Portugal e da economia portuguesa - SCORING Magazine","isPartOf":{"@id":"https:\/\/scoring.pt\/magazine\/#website"},"datePublished":"2023-09-01T08:43:45+00:00","dateModified":"2023-09-05T08:28:38+00:00","breadcrumb":{"@id":"https:\/\/scoring.pt\/magazine\/mais-de-40-mil-milhoes-e-a-disposicao-da-modernizacao-de-portugal-e-da-economia-portuguesa\/#breadcrumb"},"inLanguage":"pt-PT","potentialAction":[{"@type":"ReadAction","target":["https:\/\/scoring.pt\/magazine\/mais-de-40-mil-milhoes-e-a-disposicao-da-modernizacao-de-portugal-e-da-economia-portuguesa\/"]}]},{"@type":"BreadcrumbList","@id":"https:\/\/scoring.pt\/magazine\/mais-de-40-mil-milhoes-e-a-disposicao-da-modernizacao-de-portugal-e-da-economia-portuguesa\/#breadcrumb","itemListElement":[{"@type":"ListItem","position":1,"name":"In\u00edcio","item":"https:\/\/scoring.pt\/magazine\/"},{"@type":"ListItem","position":2,"name":"Mais de 40 mil milh\u00f5es \u20ac \u00e0 disposi\u00e7\u00e3o da moderniza\u00e7\u00e3o de Portugal e da economia portuguesa"}]},{"@type":"WebSite","@id":"https:\/\/scoring.pt\/magazine\/#website","url":"https:\/\/scoring.pt\/magazine\/","name":"Scoring Magazine","description":"A revista efetivamente sobre gest\u00e3o","publisher":{"@id":"https:\/\/scoring.pt\/magazine\/#organization"},"potentialAction":[{"@type":"SearchAction","target":{"@type":"EntryPoint","urlTemplate":"https:\/\/scoring.pt\/magazine\/?s={search_term_string}"},"query-input":"required name=search_term_string"}],"inLanguage":"pt-PT"},{"@type":"Organization","@id":"https:\/\/scoring.pt\/magazine\/#organization","name":"Scoring Magazine","url":"https:\/\/scoring.pt\/magazine\/","logo":{"@type":"ImageObject","inLanguage":"pt-PT","@id":"https:\/\/scoring.pt\/magazine\/#\/schema\/logo\/image\/","url":"http:\/\/scoring.pt\/magazine\/wp-content\/uploads\/2022\/11\/logo-site-heacer-RETINA.png","contentUrl":"http:\/\/scoring.pt\/magazine\/wp-content\/uploads\/2022\/11\/logo-site-heacer-RETINA.png","width":361,"height":93,"caption":"Scoring Magazine"},"image":{"@id":"https:\/\/scoring.pt\/magazine\/#\/schema\/logo\/image\/"}},{"@type":"Person","@id":"https:\/\/scoring.pt\/magazine\/#\/schema\/person\/39f2965a9daea54f75205f68805a82f6","name":"Joana Faria","image":{"@type":"ImageObject","inLanguage":"pt-PT","@id":"https:\/\/scoring.pt\/magazine\/#\/schema\/person\/image\/","url":"https:\/\/secure.gravatar.com\/avatar\/d8ceb83623f3582b3cf8c7b68475249870f0c7e62c235e69a028e1352f49c3cd?s=96&d=mm&r=g","contentUrl":"https:\/\/secure.gravatar.com\/avatar\/d8ceb83623f3582b3cf8c7b68475249870f0c7e62c235e69a028e1352f49c3cd?s=96&d=mm&r=g","caption":"Joana Faria"},"description":"Reda\u00e7\u00e3o SCORING","url":"https:\/\/scoring.pt\/magazine\/author\/joana-faria\/"}]}},"_links":{"self":[{"href":"https:\/\/scoring.pt\/magazine\/wp-json\/wp\/v2\/posts\/517","targetHints":{"allow":["GET"]}}],"collection":[{"href":"https:\/\/scoring.pt\/magazine\/wp-json\/wp\/v2\/posts"}],"about":[{"href":"https:\/\/scoring.pt\/magazine\/wp-json\/wp\/v2\/types\/post"}],"author":[{"embeddable":true,"href":"https:\/\/scoring.pt\/magazine\/wp-json\/wp\/v2\/users\/14"}],"replies":[{"embeddable":true,"href":"https:\/\/scoring.pt\/magazine\/wp-json\/wp\/v2\/comments?post=517"}],"version-history":[{"count":3,"href":"https:\/\/scoring.pt\/magazine\/wp-json\/wp\/v2\/posts\/517\/revisions"}],"predecessor-version":[{"id":534,"href":"https:\/\/scoring.pt\/magazine\/wp-json\/wp\/v2\/posts\/517\/revisions\/534"}],"wp:featuredmedia":[{"embeddable":true,"href":"https:\/\/scoring.pt\/magazine\/wp-json\/wp\/v2\/media\/529"}],"wp:attachment":[{"href":"https:\/\/scoring.pt\/magazine\/wp-json\/wp\/v2\/media?parent=517"}],"wp:term":[{"taxonomy":"category","embeddable":true,"href":"https:\/\/scoring.pt\/magazine\/wp-json\/wp\/v2\/categories?post=517"},{"taxonomy":"post_tag","embeddable":true,"href":"https:\/\/scoring.pt\/magazine\/wp-json\/wp\/v2\/tags?post=517"}],"curies":[{"name":"wp","href":"https:\/\/api.w.org\/{rel}","templated":true}]}}